{"id":2883,"date":"2014-02-10T12:01:38","date_gmt":"2014-02-10T12:01:38","guid":{"rendered":"https:\/\/www.xmlsportsfeeds.com\/?p=2883"},"modified":"2024-03-13T06:26:24","modified_gmt":"2024-03-13T06:26:24","slug":"borussia-dortmunds-injury-list","status":"publish","type":"post","link":"https:\/\/footballfeeds.com\/es\/borussia-dortmunds-injury-list\/","title":{"rendered":"Lista de lesionados del Borussia Dortmund"},"content":{"rendered":"<p>No ha sido bueno hasta ahora para BVB ya que sus lesiones siguen acumul\u00e1ndose en el momento equivocado de la temporada. Actualmente ocupando el tercer lugar en la liga, los siete jugadores lesionados definitivamente no los ayudar\u00e1n a mejorar su clasificaci\u00f3n actual en la Bundesliga alemana. El Dortmund tendr\u00e1 otra competici\u00f3n en mente ya que en apenas un par de d\u00edas se reanudar\u00e1 la Champions League, en la que se enfrentar\u00e1 al Zenit de San Petersburgo. Estos son algunos de los jugadores que actualmente est\u00e1n al margen del Dortmund.<\/p>\n<p><strong>Marco Reus (tend\u00f3n de la corva\/distensi\u00f3n \u2013 finales de febrero)<br \/>\n<\/strong>Marco Reus ahora se unir\u00e1 a la lista de lesionados de Dortmund ya que sufri\u00f3 una distensi\u00f3n en el tend\u00f3n de la corva en su partido anterior contra el Werder Bremen. Dej\u00f3 el partido a los 65<sup>el<\/sup>\u00a0minuto y est\u00e1 programado para estar de vuelta en dos semanas. Reus tambi\u00e9n es duda para su pr\u00f3ximo partido de Champions League y no es bueno para el entrenador Jurgen Klopp, con Jakub Blaszczykowski y Neven Subotic fuera por el resto de la temporada.<\/p>\n<p><strong>Sven Bender (Lesi\u00f3n en el muslo \u2013 Pocos d\u00edas)<br \/>\n<\/strong>Al igual que Reus, Sven Bender sufri\u00f3 una distensi\u00f3n en el muslo derecho. Bender recibi\u00f3 tratamiento pero no pudo terminar el juego en el que tambi\u00e9n se fue en el 65<sup>el<\/sup>\u00a0marca de minutos. A diferencia de Reus, que podr\u00eda estar fuera por dos semanas, se espera que Bender regrese en solo una semana.<\/p>\n<p><strong>Mats Hummels (Lesi\u00f3n de tobillo \u2013 Finales de febrero)<br \/>\n<\/strong>El defensa del Borussia Dortmund, Mats Hummels, se lesion\u00f3 el tobillo en un partido amistoso contra el Fortuna D\u00fcsseldorf. Algo bueno para BVB es que la lesi\u00f3n que sufri\u00f3 Hummels no fue una reca\u00edda de la lesi\u00f3n que lo dej\u00f3 fuera de juego durante dos meses. El m\u00e9dico del Dortmund Markus Braun confirm\u00f3 que los ligamentos desgarrados en la anterior lesi\u00f3n se han curado por completo y que Hummels solo entrar\u00eda en una fase de rehabilitaci\u00f3n de dos semanas por la nueva lesi\u00f3n.<\/p>\n<p><strong>Ilkay Gundogan (Lesi\u00f3n de espalda \u2013 Pocos d\u00edas)<br \/>\n<\/strong>El mediocampista alem\u00e1n todav\u00eda est\u00e1 en camino de recuperarse de una lesi\u00f3n en la espalda que sufri\u00f3 al comienzo de la temporada. La web de los clubes ha confirmado que se perder\u00e1 los tres primeros partidos de la segunda mitad de la temporada. Otra cosa que debe preocupar al Dortmund es el hecho de que su influyente centrocampista ha sido vinculado con clubes extranjeros y podr\u00eda hacer un movimiento en la ventana de transferencia de verano. Si esto sucede, es el tercer jugador influyente en abandonar el Club alem\u00e1n.<\/p>\n<p>\u00bfQuieres m\u00e1s noticias sobre lesiones del Borussia Dortmund? Si es as\u00ed, env\u00edenos un correo electr\u00f3nico ahora mismo a\u00a0<a href=\"mailto:sales@xml-sportsfeeds.com\">sales@xml-sportsfeeds.com<\/a>\u00a0para obtener un rastro libre. Tambi\u00e9n proporcionamos actualizaciones puntuales sobre suspensiones, transferencias y rumores de transferencias de todos sus clubes favoritos, solo aqu\u00ed en XML Sports Feeds.<\/p>","protected":false},"excerpt":{"rendered":"<p>It hasn\u2019t been good so far for BVB as their injuries keep on piling up at the wrong time of the season. Currently standing third in the league, the seven players injured will definitely not help them on improving their current ranking in the German Bundesliga. Dortmund will have another competition in their mind as [&hellip;]<\/p>\n","protected":false},"author":1,"featured_media":0,"comment_status":"closed","ping_status":"open","sticky":false,"template":"","format":"standard","meta":{"site-sidebar-layout":"default","site-content-layout":"","ast-site-content-layout":"default","site-content-style":"default","site-sidebar-style":"default","ast-global-header-display":"","ast-banner-title-visibility":"","ast-main-header-display":"","ast-hfb-above-header-display":"","ast-hfb-below-header-display":"","ast-hfb-mobile-header-display":"","site-post-title":"","ast-breadcrumbs-content":"","ast-featured-img":"","footer-sml-layout":"","ast-disable-related-posts":"","theme-transparent-header-meta":"","adv-header-id-meta":"","stick-header-meta":"","header-above-stick-meta":"","header-main-stick-meta":"","header-below-stick-meta":"","astra-migrate-meta-layouts":"default","ast-page-background-enabled":"default","ast-page-background-meta":{"desktop":{"background-color":"var(--ast-global-color-4)","background-image":"","background-repeat":"repeat","background-position":"center center","background-size":"auto","background-attachment":"scroll","background-type":"","background-media":"","overlay-type":"","overlay-color":"","overlay-opacity":"","overlay-gradient":""},"tablet":{"background-color":"","background-image":"","background-repeat":"repeat","background-position":"center center","background-size":"auto","background-attachment":"scroll","background-type":"","background-media":"","overlay-type":"","overlay-color":"","overlay-opacity":"","overlay-gradient":""},"mobile":{"background-color":"","background-image":"","background-repeat":"repeat","background-position":"center center","background-size":"auto","background-attachment":"scroll","background-type":"","background-media":"","overlay-type":"","overlay-color":"","overlay-opacity":"","overlay-gradient":""}},"ast-content-background-meta":{"desktop":{"background-color":"var(--ast-global-color-5)","background-image":"","background-repeat":"repeat","background-position":"center center","background-size":"auto","background-attachment":"scroll","background-type":"","background-media":"","overlay-type":"","overlay-color":"","overlay-opacity":"","overlay-gradient":""},"tablet":{"background-color":"var(--ast-global-color-5)","background-image":"","background-repeat":"repeat","background-position":"center center","background-size":"auto","background-attachment":"scroll","background-type":"","background-media":"","overlay-type":"","overlay-color":"","overlay-opacity":"","overlay-gradient":""},"mobile":{"background-color":"var(--ast-global-color-5)","background-image":"","background-repeat":"repeat","background-position":"center center","background-size":"auto","background-attachment":"scroll","background-type":"","background-media":"","overlay-type":"","overlay-color":"","overlay-opacity":"","overlay-gradient":""}},"footnotes":""},"categories":[14],"tags":[],"class_list":["post-2883","post","type-post","status-publish","format-standard","hentry","category-news"],"_links":{"self":[{"href":"https:\/\/footballfeeds.com\/es\/wp-json\/wp\/v2\/posts\/2883","targetHints":{"allow":["GET"]}}],"collection":[{"href":"https:\/\/footballfeeds.com\/es\/wp-json\/wp\/v2\/posts"}],"about":[{"href":"https:\/\/footballfeeds.com\/es\/wp-json\/wp\/v2\/types\/post"}],"author":[{"embeddable":true,"href":"https:\/\/footballfeeds.com\/es\/wp-json\/wp\/v2\/users\/1"}],"replies":[{"embeddable":true,"href":"https:\/\/footballfeeds.com\/es\/wp-json\/wp\/v2\/comments?post=2883"}],"version-history":[{"count":1,"href":"https:\/\/footballfeeds.com\/es\/wp-json\/wp\/v2\/posts\/2883\/revisions"}],"predecessor-version":[{"id":4083,"href":"https:\/\/footballfeeds.com\/es\/wp-json\/wp\/v2\/posts\/2883\/revisions\/4083"}],"wp:attachment":[{"href":"https:\/\/footballfeeds.com\/es\/wp-json\/wp\/v2\/media?parent=2883"}],"wp:term":[{"taxonomy":"category","embeddable":true,"href":"https:\/\/footballfeeds.com\/es\/wp-json\/wp\/v2\/categories?post=2883"},{"taxonomy":"post_tag","embeddable":true,"href":"https:\/\/footballfeeds.com\/es\/wp-json\/wp\/v2\/tags?post=2883"}],"curies":[{"name":"wp","href":"https:\/\/api.w.org\/{rel}","templated":true}]}}